{"id":4312,"date":"2025-04-29T12:06:58","date_gmt":"2025-04-29T09:06:58","guid":{"rendered":"https:\/\/www.podyumplus.com\/blog\/?p=4312"},"modified":"2025-04-29T12:08:37","modified_gmt":"2025-04-29T09:08:37","slug":"kapsul-tesettur-gardirop-nasil-yapilir","status":"publish","type":"post","link":"https:\/\/www.podyumplus.com\/blog\/kapsul-tesettur-gardirop-nasil-yapilir\/","title":{"rendered":"Kaps\u00fcl Tesett\u00fcr Gard\u0131rop Nas\u0131l Yap\u0131l\u0131r?"},"content":{"rendered":"<p><strong>Kaps\u00fcl tesett\u00fcr gard\u0131rop nas\u0131l yap\u0131l\u0131r?<\/strong> G\u00fcn\u00fcm\u00fcz tesett\u00fcr modas\u0131nda sade, i\u015flevsel ve zamans\u0131z bir stil yaratmak isteyenler i\u00e7in bu soru hi\u00e7 olmad\u0131\u011f\u0131 kadar \u00f6nemli hale geldi. Gereksiz kalabal\u0131ktan uzak, az ama \u00e7ok y\u00f6nl\u00fc par\u00e7alardan olu\u015fan bir <strong>kaps\u00fcl gard\u0131rop sayesinde<\/strong> hem kombin yapma stresinden kurtulabilir hem de her mevsime ve ortama uyum sa\u011flayan zahmetsiz bir \u015f\u0131kl\u0131k elde edebilirsiniz.<\/p>\n<p data-start=\"547\" data-end=\"982\"><strong>Minimalist tesett\u00fcr gard\u0131rop<\/strong> olu\u015fturmak, sadece stilinizi sadele\u015ftirmekle kalmaz; ayn\u0131 zamanda al\u0131\u015fveri\u015f al\u0131\u015fkanl\u0131klar\u0131n\u0131z\u0131 daha bilin\u00e7li hale getirir, zaman ve b\u00fct\u00e7eden de b\u00fcy\u00fck \u00f6l\u00e7\u00fcde tasarruf etmenizi sa\u011flar. Bu rehberde; zamans\u0131z tesett\u00fcr elbiselerden <strong>monokrom kombin<\/strong> ipu\u00e7lar\u0131na, mevsimlere g\u00f6re kaps\u00fcl planlamas\u0131ndan do\u011fru renk se\u00e7imlerine kadar <strong>kaps\u00fcl tesett\u00fcr gard\u0131rop<\/strong> olu\u015fturman\u0131n t\u00fcm inceliklerini ad\u0131m ad\u0131m ke\u015ffedeceksiniz.<\/p>\n<p data-start=\"547\" data-end=\"982\"><img loading=\"lazy\" decoding=\"async\" class=\"wp-image-4366 size-full aligncenter nebotheme-lazyload lazyload\" src=\"data:image\/png;base64,iVBORw0KGgoAAAANSUhEUgAAAmoAAAM4AQMAAABGLVx0AAAAA1BMVEUAAP+KeNJXAAAAAXRSTlMAQObYZgAAAAlwSFlzAAAOxAAADsQBlSsOGwAAAFZJREFUeNrtwTEBAAAAwqD1T20JT6AAAAAAAAAAAAAAAAAAAAAAAAAAAAAAAAAAAAAAAAAAAAAAAAAAAAAAAAAAAAAAAAAAAAAAAAAAAAAAAAAAAAC+Bv5IAAHieZRzAAAAAElFTkSuQmCC\" alt=\"\" width=\"618\" height=\"824\" data-sizes=\"auto\" data-ls-sizes=\"auto, (max-width: 618px) 100vw, 618px\" data-src=\"https:\/\/www.podyumplus.com\/blog\/wp-content\/uploads\/2025\/04\/r.webp\" data-srcset=\"https:\/\/www.podyumplus.com\/blog\/wp-content\/uploads\/2025\/04\/r.webp 618w, https:\/\/www.podyumplus.com\/blog\/wp-content\/uploads\/2025\/04\/r-225x300.webp 225w\"><\/p>\n<h2>Kaps\u00fcl Tesett\u00fcr Gard\u0131rop Nedir?<\/h2>\n<p><strong>Kaps\u00fcl tesett\u00fcr gard\u0131rop<\/strong>, minimal par\u00e7a say\u0131s\u0131yla maksimum kombin \u00f6zg\u00fcrl\u00fc\u011f\u00fc sa\u011flamay\u0131 ama\u00e7layan bir giyim yakla\u015f\u0131m\u0131d\u0131r. Klasik <strong>kaps\u00fcl gard\u0131rop sisteminin<\/strong>, tesett\u00fcr modas\u0131na uyarlanm\u0131\u015f \u00f6zel bir versiyonudur. Temel ama\u00e7; zamans\u0131z, kolay kombinleyebilir ve farkl\u0131 mevsimlere uyum sa\u011flayabilen par\u00e7alardan olu\u015fan sade ama etkili bir gard\u0131rop yaratmakt\u0131r.<\/p>\n<p><strong>Kaps\u00fcl tesett\u00fcr gard\u0131rop nas\u0131l yap\u0131l\u0131r?<\/strong><br data-start=\"771\" data-end=\"774\" \/>Kaps\u00fcl tesett\u00fcr gard\u0131rop olu\u015fturmak, ki\u015fisel stilinizi yans\u0131tan, sizi her ortamda \u015f\u0131k g\u00f6sterecek az say\u0131da kaliteli par\u00e7ay\u0131 do\u011fru \u015fekilde se\u00e7mekle ba\u015flar. \u00d6zellikle yo\u011fun \u015fehir hayat\u0131nda, h\u0131zl\u0131 kombin ihtiyac\u0131na cevap veren kaps\u00fcl gard\u0131rop modeli hem zamandan hem b\u00fct\u00e7eden b\u00fcy\u00fck tasarruf sa\u011flar.<\/p>\n<h3>Kaps\u00fcl Gard\u0131rop Mant\u0131\u011f\u0131 Tesett\u00fcr Giyime Nas\u0131l Uyar?<\/h3>\n<p>Kaps\u00fcl gard\u0131rop fikri, tesett\u00fcr giyim d\u00fcnyas\u0131na m\u00fckemmel \u015fekilde uyarlanabilir. \u00c7\u00fcnk\u00fc <strong>tesett\u00fcr kombin \u00f6nerileri<\/strong> genellikle farkl\u0131 par\u00e7alar\u0131n uyumlu birle\u015fimini gerektirir. Tesett\u00fcr stili, katmanl\u0131 giyimi ve zamans\u0131z par\u00e7alar\u0131 kapsad\u0131\u011f\u0131 i\u00e7in, minimalist tesett\u00fcr gard\u0131rop olu\u015fturmak hem pratik hem de \u015f\u0131k bir \u00e7\u00f6z\u00fcm sunar.<\/p>\n<p><strong>\u00d6rne\u011fin:<\/strong><\/p>\n<ul>\n<li>D\u00fcz renk tunikler, farkl\u0131 \u015fal ve pantolon kombinleriyle farkl\u0131la\u015fabilir.<\/li>\n<li>Mevsimlik tesett\u00fcr gard\u0131rop par\u00e7alar\u0131, birka\u00e7 k\u00fc\u00e7\u00fck aksesuar de\u011fi\u015fimiyle hem yaz hem k\u0131\u015f aylar\u0131nda rahatl\u0131kla kullan\u0131labilir.<\/li>\n<li>Zamans\u0131z tesett\u00fcr kombinleri i\u00e7in, pastel tonlar ve klasik kesimler ideal temel ta\u015flar\u0131d\u0131r.<\/li>\n<\/ul>\n<h3>Kaps\u00fcl Gard\u0131robun Temel Avantajlar\u0131<\/h3>\n<p><strong>Kaps\u00fcl tesett\u00fcr gard\u0131rop<\/strong> olu\u015fturmak, stilinizi sadele\u015ftirirken ayn\u0131 zamanda zamans\u0131z ve modern bir \u015f\u0131kl\u0131k yakalaman\u0131n en etkili yoludur. <strong>Kaps\u00fcl gard\u0131rop tesett\u00fcr modas\u0131na<\/strong> uyguland\u0131\u011f\u0131nda, her biri birbiriyle uyumlu se\u00e7ilmi\u015f temel par\u00e7alar sayesinde her ortam i\u00e7in h\u0131zl\u0131, zahmetsiz ve \u015f\u0131k kombinler yapmak m\u00fcmk\u00fcn olur. Ayr\u0131ca <strong data-start=\"1108\" data-end=\"1140\">minimalist tesett\u00fcr gard\u0131rop<\/strong> yakla\u015f\u0131m\u0131, al\u0131\u015fveri\u015f al\u0131\u015fkanl\u0131klar\u0131n\u0131z\u0131 daha bilin\u00e7li bir \u015fekilde y\u00f6nlendirir ve her sabah &#8220;ne giyece\u011fim?&#8221; stresini ortadan kald\u0131r\u0131r.<\/p>\n<p data-start=\"1276\" data-end=\"1339\">Kaps\u00fcl tesett\u00fcr gard\u0131rop olu\u015fturman\u0131n ba\u015fl\u0131ca avantajlar\u0131:<\/p>\n<ul>\n<li><strong data-start=\"1343\" data-end=\"1389\">Zamans\u0131z Tesett\u00fcr Kombinleri Yarat\u0131rs\u0131n\u0131z:<\/strong> Tesett\u00fcr kombinlerinde zamans\u0131z par\u00e7alar se\u00e7erek sezon modas\u0131na ba\u011fl\u0131 kalmadan \u015f\u0131k olabilirsiniz.<\/li>\n<li><strong data-start=\"1492\" data-end=\"1532\">Gard\u0131robunuz Ferahlar ve D\u00fczenlenir:<\/strong> Tesett\u00fcr kaps\u00fcl dolap sistemi sayesinde gereksiz kalabal\u0131ktan kurtulursunuz.<\/li>\n<li><strong data-start=\"1614\" data-end=\"1659\">H\u0131zl\u0131 ve Etkili Kombinler Yapabilirsiniz:<\/strong> Az e\u015fya ile tesett\u00fcr kombinleri yaparken zaman kazan\u0131r, uyumlu g\u00f6r\u00fcn\u00fcm elde edersiniz.<\/li>\n<li><strong data-start=\"1751\" data-end=\"1808\">Kaliteli Par\u00e7alarla Uzun \u00d6m\u00fcrl\u00fc Kullan\u0131m Sa\u011flars\u0131n\u0131z:<\/strong> S\u0131k de\u011fi\u015fen trendlere de\u011fil, kaliteli ve temel k\u0131yafetlere yat\u0131r\u0131m yapars\u0131n\u0131z.<\/li>\n<li><strong data-start=\"1892\" data-end=\"1958\">Tesett\u00fcr Giyimde Minimalist Bir Yakla\u015f\u0131m Benimsemi\u015f Olursunuz:<\/strong> Hem ruhunuzu hem dolab\u0131n\u0131z\u0131 sadele\u015ftirir, ya\u015fam tarz\u0131n\u0131zla b\u00fct\u00fcnl\u00fck sa\u011flars\u0131n\u0131z.<\/li>\n<li><strong data-start=\"2044\" data-end=\"2093\">Al\u0131\u015fveri\u015fte Bilin\u00e7li ve Tasarruflu Olursunuz:<\/strong> \u0130htiya\u00e7 d\u0131\u015f\u0131 harcamalar\u0131 azalt\u0131r, sadece ger\u00e7ekten i\u015flevsel par\u00e7alara yat\u0131r\u0131m yapars\u0131n\u0131z.<\/li>\n<\/ul>\n<p><img loading=\"lazy\" decoding=\"async\" class=\"wp-image-4367 size-full aligncenter nebotheme-lazyload lazyload\" src=\"data:image\/png;base64,iVBORw0KGgoAAAANSUhEUgAAAmoAAAM4AQMAAABGLVx0AAAAA1BMVEUAAP+KeNJXAAAAAXRSTlMAQObYZgAAAAlwSFlzAAAOxAAADsQBlSsOGwAAAFZJREFUeNrtwTEBAAAAwqD1T20JT6AAAAAAAAAAAAAAAAAAAAAAAAAAAAAAAAAAAAAAAAAAAAAAAAAAAAAAAAAAAAAAAAAAAAAAAAAAAAAAAAAAAAC+Bv5IAAHieZRzAAAAAElFTkSuQmCC\" alt=\"\" width=\"618\" height=\"824\" data-sizes=\"auto\" data-ls-sizes=\"auto, (max-width: 618px) 100vw, 618px\" data-src=\"https:\/\/www.podyumplus.com\/blog\/wp-content\/uploads\/2025\/04\/y-2.webp\" data-srcset=\"https:\/\/www.podyumplus.com\/blog\/wp-content\/uploads\/2025\/04\/y-2.webp 618w, https:\/\/www.podyumplus.com\/blog\/wp-content\/uploads\/2025\/04\/y-2-225x300.webp 225w\"><\/p>\n<h2><strong>Kaps\u00fcl Tesett\u00fcr Gard\u0131rop \u0130\u00e7in Olmazsa Olmaz Par\u00e7alar<\/strong><\/h2>\n<p><strong>Kaps\u00fcl tesett\u00fcr gard\u0131rop<\/strong> olu\u015ftururken, zamans\u0131zl\u0131\u011f\u0131 ve i\u015flevselli\u011fi merkezde tutmak \u00e7ok \u00f6nemlidir. Her par\u00e7a, birbiriyle kolayca kombinleyebilir ve hem g\u00fcnl\u00fck hayatta hem de \u00f6zel g\u00fcnlerde kullan\u0131labilir olmal\u0131d\u0131r. Bu yakla\u015f\u0131m, <strong data-start=\"541\" data-end=\"573\">minimalist tesett\u00fcr gard\u0131rop<\/strong> felsefesinin temelini olu\u015fturur ve hem \u015f\u0131kl\u0131\u011f\u0131 hem sadeli\u011fi ayn\u0131 anda sa\u011flar.<\/p>\n<p data-start=\"653\" data-end=\"750\">Peki, kaps\u00fcl gard\u0131rop tesett\u00fcr modas\u0131nda hangi temel par\u00e7alardan olu\u015fmal\u0131? \u0130\u015fte olmazsa olmazlar:<\/p>\n<h3>Zamans\u0131z Tesett\u00fcr Elbise Se\u00e7imleri<\/h3>\n<p><strong>Kaps\u00fcl tesett\u00fcr gard\u0131rop<\/strong> olu\u015ftururken n\u00f6tr renklerde, sade kesimli uzun <a href=\"https:\/\/www.podyumplus.com\/ara?search=tesett%C3%BCr+elbise\"><strong>tesett\u00fcr elbiselere<\/strong><\/a> mutlaka yer vermek gerekir. Siyah, lacivert, bej veya pastel tonlar\u0131nda se\u00e7ilecek d\u00fcz elbiseler, her ortamda kolayca kombinleyebilir ve zamans\u0131z bir \u015f\u0131kl\u0131k sunar. \u00d6zellikle sezon modas\u0131na ba\u011f\u0131ml\u0131 olmayan, basic tasar\u0131ml\u0131 ve modern \u00e7izgili elbiseler, <strong>minimalist tesett\u00fcr gard\u0131rop<\/strong> anlay\u0131\u015f\u0131n\u0131 destekleyerek uzun y\u0131llar boyunca kullan\u0131m imk\u00e2n\u0131 tan\u0131r. B\u00f6ylece hem sade hem de \u015f\u0131k bir g\u00f6r\u00fcn\u00fcm elde ederken, gard\u0131robunuzda i\u015flevsel ve kombini kolay par\u00e7alar bulundurmu\u015f olursunuz.<\/p>\n<h3>\u015e\u0131k ve Kullan\u0131\u015fl\u0131 Tunik Modelleri<\/h3>\n<p>Kaps\u00fcl dolap mant\u0131\u011f\u0131nda tunikler hem \u015f\u0131kl\u0131\u011f\u0131 hem de pratikli\u011fi bir arada sunan vazge\u00e7ilmez par\u00e7alard\u0131r. \u00d6zellikle beyaz, vizon, zeytin ye\u015fili gibi zamans\u0131z tonlardaki <a href=\"https:\/\/www.podyumplus.com\/ara?search=sade+tunik+modelleri\"><strong>sade tunik modelleri<\/strong><\/a>; kuma\u015f pantolonlardan kalem eteklere kadar bir\u00e7ok farkl\u0131 par\u00e7a ile kolayl\u0131kla kombinleyebilir. Hem i\u015f hayat\u0131nda hem g\u00fcnl\u00fck \u015fehir stilinde rahatl\u0131kla kullan\u0131labilen bu tunikler, <strong>tesett\u00fcr kaps\u00fcl dolap<\/strong> olu\u015ftururken fonksiyonel bir \u015f\u0131kl\u0131k sa\u011flar. Az e\u015fya ile tesett\u00fcr kombinleri olu\u015fturman\u0131n en etkili yollar\u0131ndan biri de \u00e7ok y\u00f6nl\u00fc tunik se\u00e7imidir.<\/p>\n<h3>D\u0131\u015f Giyim: Tren\u00e7kot ve Kaban Se\u00e7imi<\/h3>\n<p><strong>Kaps\u00fcl tesett\u00fcr gard\u0131robunun<\/strong> d\u0131\u015f giyim aya\u011f\u0131nda ise kaliteli bir tren\u00e7kot ve k\u0131\u015fl\u0131k kaban mutlaka yer almal\u0131d\u0131r. Bej veya ta\u015f rengi gibi zamans\u0131z tonlardaki tren\u00e7kotlar, \u00f6zellikle ge\u00e7i\u015f mevsimlerinde hem modern hem de sofistike bir g\u00f6r\u00fcn\u00fcm kazand\u0131r\u0131r. K\u0131\u015f aylar\u0131 i\u00e7in ise siyah, koyu lacivert gibi klasik renklerde bir kaban se\u00e7mek, gard\u0131robun temel ta\u015flar\u0131ndan biri olacakt\u0131r. \u00d6zellikle d\u00fcz kesimli, dikey \u00e7izgi detayl\u0131 d\u0131\u015f giyim \u00fcr\u00fcnleri hem boyu daha uzun g\u00f6sterir hem de tesett\u00fcr giyimde minimalist yakla\u015f\u0131m\u0131 g\u00fc\u00e7lendirir. B\u00f6ylece hem \u015f\u0131k hem de i\u015flevsel bir d\u0131\u015f g\u00f6r\u00fcn\u00fcm yakalamak m\u00fcmk\u00fcn olur.<\/p>\n<p><img loading=\"lazy\" decoding=\"async\" class=\"wp-image-4368 size-full aligncenter nebotheme-lazyload lazyload\" src=\"data:image\/png;base64,iVBORw0KGgoAAAANSUhEUgAAAmoAAAM4AQMAAABGLVx0AAAAA1BMVEUAAP+KeNJXAAAAAXRSTlMAQObYZgAAAAlwSFlzAAAOxAAADsQBlSsOGwAAAFZJREFUeNrtwTEBAAAAwqD1T20JT6AAAAAAAAAAAAAAAAAAAAAAAAAAAAAAAAAAAAAAAAAAAAAAAAAAAAAAAAAAAAAAAAAAAAAAAAAAAAAAAAAAAAC+Bv5IAAHieZRzAAAAAElFTkSuQmCC\" alt=\"\" width=\"618\" height=\"824\" data-sizes=\"auto\" data-ls-sizes=\"auto, (max-width: 618px) 100vw, 618px\" data-src=\"https:\/\/www.podyumplus.com\/blog\/wp-content\/uploads\/2025\/04\/y-3.webp\" data-srcset=\"https:\/\/www.podyumplus.com\/blog\/wp-content\/uploads\/2025\/04\/y-3.webp 618w, https:\/\/www.podyumplus.com\/blog\/wp-content\/uploads\/2025\/04\/y-3-225x300.webp 225w\"><\/p>\n<h2>Kaps\u00fcl Gard\u0131ropta Kombin Kolayl\u0131\u011f\u0131 Sa\u011flayan Renk T\u00fcyolar\u0131<\/h2>\n<p><strong>Kaps\u00fcl tesett\u00fcr gard\u0131rop<\/strong> olu\u015ftururken renk se\u00e7imi, gard\u0131robun i\u015flevselli\u011fini do\u011frudan etkileyen temel unsurlardan biridir. Do\u011fru renk paletiyle hem daha fazla kombin se\u00e7ene\u011fi olu\u015fturabilir hem de her mevsime uyum sa\u011flayan zamans\u0131z bir \u015f\u0131kl\u0131k yakalayabilirsiniz. \u00d6zellikle <strong>kaps\u00fcl tesett\u00fcr gard\u0131rop<\/strong> haz\u0131rlarken n\u00f6tr tonlar, pastel renkler ve dengeli canl\u0131l\u0131k sa\u011flayan s\u0131cak tonlar \u00f6ncelikli tercih edilmelidir. B\u00f6ylece sabah ne giyece\u011finizi d\u00fc\u015f\u00fcnmeden, t\u00fcm par\u00e7alar\u0131 birbirleriyle rahat\u00e7a e\u015fle\u015ftirebilir, <strong>tesett\u00fcr kombin \u00f6nerileri<\/strong> do\u011frultusunda zahmetsiz bir stil olu\u015fturabilirsiniz.<\/p>\n<h3>Monokrom Tesett\u00fcr Kombinleri \u0130\u00e7in \u0130pu\u00e7lar\u0131<\/h3>\n<p><strong>Kaps\u00fcl tesett\u00fcr gard\u0131rop<\/strong> mant\u0131\u011f\u0131nda monokrom kombinler hem sade hem de \u015f\u0131k bir g\u00f6r\u00fcn\u00fcm yaratman\u0131n g\u00fc\u00e7l\u00fc bir y\u00f6ntemidir. Ayn\u0131 rengin farkl\u0131 tonlar\u0131n\u0131 bir araya getirerek haz\u0131rlanan kombinler, v\u00fccut proporsiyonunu daha uzun ve dengeli g\u00f6sterir. \u00d6zellikle beyaz, bej, krem, antrasit gibi tonlarla yap\u0131lan monokrom tesett\u00fcr kombinleri g\u00fcnl\u00fck kullan\u0131mdan \u00f6zel davetlere kadar her alanda zarif bir alternatif sunar. PodyumPlus koleksiyonlar\u0131nda yer alan sade ve zarif par\u00e7alar, <strong>monokrom kombinler<\/strong> yaparken gard\u0131robunuzun en de\u011ferli tamamlay\u0131c\u0131lar\u0131 aras\u0131nda yer al\u0131r. Monokrom d\u00fczen, kaps\u00fcl dolab\u0131n\u0131zda uyumu art\u0131rarak kombin yapma s\u00fcrecini de b\u00fcy\u00fck \u00f6l\u00e7\u00fcde kolayla\u015ft\u0131r\u0131r.<\/p>\n<h3>Kontrast ve Uyumlu Renk Se\u00e7imi<\/h3>\n<p>Her ne kadar <strong>kaps\u00fcl tesett\u00fcr gard\u0131ropta<\/strong> n\u00f6tr tonlar \u00f6n planda olsa da araya do\u011fru \u015fekilde eklenen kontrast renkler kombine dinamizm katar. \u00d6zellikle lacivert-beyaz, toprak tonlar\u0131-ye\u015fil, bej-mavi gibi do\u011fal kontrastlar hem g\u00f6ze ho\u015f gelen bir uyum sa\u011flar hem de kombinleri daha \u00e7arp\u0131c\u0131 hale getirir. Renk ge\u00e7i\u015flerinde \u00e7ok sert tezatlardan ka\u00e7\u0131nmak, tesett\u00fcr giyimde zarif bir b\u00fct\u00fcnl\u00fck yaratman\u0131n anahtar\u0131d\u0131r. PodyumPlus\u2019\u0131n uyumlu renk paletleri sunan \u00fcr\u00fcnleriyle hem monokrom hem de <strong>kontrast kombinler<\/strong> olu\u015fturabilir, stilinizi her zaman dengede ve g\u00fc\u00e7l\u00fc tutabilirsiniz.<\/p>\n<p><img loading=\"lazy\" decoding=\"async\" class=\"wp-image-4369 size-full aligncenter nebotheme-lazyload lazyload\" src=\"data:image\/png;base64,iVBORw0KGgoAAAANSUhEUgAAAmoAAAM4AQMAAABGLVx0AAAAA1BMVEUAAP+KeNJXAAAAAXRSTlMAQObYZgAAAAlwSFlzAAAOxAAADsQBlSsOGwAAAFZJREFUeNrtwTEBAAAAwqD1T20JT6AAAAAAAAAAAAAAAAAAAAAAAAAAAAAAAAAAAAAAAAAAAAAAAAAAAAAAAAAAAAAAAAAAAAAAAAAAAAAAAAAAAAC+Bv5IAAHieZRzAAAAAElFTkSuQmCC\" alt=\"\" width=\"618\" height=\"824\" data-sizes=\"auto\" data-ls-sizes=\"auto, (max-width: 618px) 100vw, 618px\" data-src=\"https:\/\/www.podyumplus.com\/blog\/wp-content\/uploads\/2025\/04\/o.webp\" data-srcset=\"https:\/\/www.podyumplus.com\/blog\/wp-content\/uploads\/2025\/04\/o.webp 618w, https:\/\/www.podyumplus.com\/blog\/wp-content\/uploads\/2025\/04\/o-225x300.webp 225w\"><\/p>\n<h2>Mevsimlere G\u00f6re Kaps\u00fcl Tesett\u00fcr Gard\u0131rop Planlamas\u0131<\/h2>\n<p><strong>Kaps\u00fcl tesett\u00fcr gard\u0131rop<\/strong> olu\u015ftururken mevsim ge\u00e7i\u015flerini g\u00f6z \u00f6n\u00fcnde bulundurmak hem zamandan hem b\u00fct\u00e7eden tasarruf sa\u011flar. Her mevsim i\u00e7in do\u011fru kuma\u015flar\u0131, kesimleri ve renk tonlar\u0131n\u0131 se\u00e7mek, kombin yapmay\u0131 zahmetsiz bir h\u00e2le getirir. \u00d6zellikle <strong>kaps\u00fcl tesett\u00fcr gard\u0131rop<\/strong> planlamas\u0131nda yazl\u0131k ve k\u0131\u015fl\u0131k se\u00e7imlerin do\u011fru dengelenmesi, gard\u0131robunuzun i\u015flevselli\u011fini maksimum seviyeye ta\u015f\u0131r. B\u00f6ylece y\u0131l boyunca stilinizi bozmadan, ihtiyac\u0131n\u0131z olan t\u00fcm kombinleri kolayca olu\u015fturabilirsiniz.<\/p>\n<h3>Yazl\u0131k Kaps\u00fcl Gard\u0131rop i\u00e7in Hafif Se\u00e7imler<\/h3>\n<p>Yaz mevsimi i\u00e7in <strong>kaps\u00fcl tesett\u00fcr gard\u0131rop<\/strong> haz\u0131rlarken hafif, nefes alabilen kuma\u015flar tercih edilmelidir. \u0130nce keten tunikler, \u015fifon elbiseler ve pamuklu sala\u015f pantolonlar yaz gard\u0131robunun temel ta\u015flar\u0131d\u0131r. A\u00e7\u0131k renkler, pastel tonlar ve minimal desenler hem s\u0131cak havalarda konfor sa\u011flar hem de kombin \u00f6zg\u00fcrl\u00fc\u011f\u00fc yarat\u0131r. \u00d6zellikle <strong>kaps\u00fcl tesett\u00fcr gard\u0131rop<\/strong> olu\u015ftururken, birka\u00e7 ana par\u00e7a ile birbirini tamamlayan ferah kombinler olu\u015fturmak yaz mevsimi i\u00e7in ideal bir stratejidir. Tesett\u00fcr kombin \u00f6nerileri aras\u0131nda yaz\u0131n en \u00e7ok \u00f6nerilen stiller, sala\u015f elbiseler ve hafif e\u015farplarla tamamlanan monokrom kombinlerdir.<\/p>\n<h3>K\u0131\u015fl\u0131k Kaps\u00fcl Gard\u0131rop i\u00e7in Katmanl\u0131 Par\u00e7alar<\/h3>\n<p>K\u0131\u015f aylar\u0131 i\u00e7in <strong>kaps\u00fcl gard\u0131rop<\/strong> planlarken \u00f6ncelik, s\u0131cak tutan ve kat kat giyime olanak sa\u011flayan par\u00e7alard\u0131r. Kaliteli bir tren\u00e7kot, yumu\u015fak dokulu uzun h\u0131rkalar ve astarl\u0131 feraceler k\u0131\u015fl\u0131k kaps\u00fcl tesett\u00fcr gard\u0131robunun olmazsa olmazlar\u0131 aras\u0131nda yer al\u0131r. Ayr\u0131ca <strong>monokrom tesett\u00fcr kombinleri<\/strong> k\u0131\u015f\u0131n da kolayl\u0131kla uygulanabilir; koyu tonlar ve n\u00f6tr renklerle haz\u0131rlanm\u0131\u015f tek renk kombinler hem s\u0131cak hem de zarif bir duru\u015f sa\u011flar. Katmanl\u0131 giyimde i\u00e7te daha hafif, d\u0131\u015fta daha kal\u0131n par\u00e7alar kullanarak hem \u015f\u0131kl\u0131k hem konfor elde etmek m\u00fcmk\u00fcnd\u00fcr. \u00d6zellikle so\u011fuk havalarda do\u011fru katmanlama ile stilinizi g\u00fc\u00e7l\u00fc bir \u015fekilde ortaya koyabilirsiniz.<\/p>\n<p><img loading=\"lazy\" decoding=\"async\" class=\"wp-image-4370 size-full aligncenter nebotheme-lazyload lazyload\" src=\"data:image\/png;base64,iVBORw0KGgoAAAANSUhEUgAAAmoAAAM4AQMAAABGLVx0AAAAA1BMVEUAAP+KeNJXAAAAAXRSTlMAQObYZgAAAAlwSFlzAAAOxAAADsQBlSsOGwAAAFZJREFUeNrtwTEBAAAAwqD1T20JT6AAAAAAAAAAAAAAAAAAAAAAAAAAAAAAAAAAAAAAAAAAAAAAAAAAAAAAAAAAAAAAAAAAAAAAAAAAAAAAAAAAAAC+Bv5IAAHieZRzAAAAAElFTkSuQmCC\" alt=\"\" width=\"618\" height=\"824\" data-sizes=\"auto\" data-ls-sizes=\"auto, (max-width: 618px) 100vw, 618px\" data-src=\"https:\/\/www.podyumplus.com\/blog\/wp-content\/uploads\/2025\/04\/v.webp\" data-srcset=\"https:\/\/www.podyumplus.com\/blog\/wp-content\/uploads\/2025\/04\/v.webp 618w, https:\/\/www.podyumplus.com\/blog\/wp-content\/uploads\/2025\/04\/v-225x300.webp 225w\"><\/p>\n<h2>Tesett\u00fcrde Kaps\u00fcl Gard\u0131rop Olu\u015ftururken Nelere Dikkat Edilmeli?<\/h2>\n<p><strong>Kaps\u00fcl tesett\u00fcr gard\u0131rop<\/strong> olu\u015ftururken ama\u00e7, az par\u00e7ayla \u00e7ok say\u0131da kombin yapabilmektir. Ancak bu s\u00fcre\u00e7te sadece pop\u00fcler \u00fcr\u00fcnleri de\u011fil, kendi stilinizi ve g\u00fcnl\u00fck ihtiya\u00e7lar\u0131n\u0131z\u0131 da g\u00f6z \u00f6n\u00fcnde bulundurman\u0131z gerekir. Do\u011fru se\u00e7imler yaparak hem zamans\u0131z \u015f\u0131kl\u0131\u011f\u0131 yakalayabilir hem de al\u0131\u015fveri\u015fte daha bilin\u00e7li ve s\u00fcrd\u00fcr\u00fclebilir ad\u0131mlar atabilirsiniz. \u0130\u015fte <strong>tesett\u00fcr giyimde kaps\u00fcl gard\u0131rop<\/strong> haz\u0131rlarken dikkat edilmesi gereken temel noktalar:<\/p>\n<h3>Ki\u015fisel Tarz\u0131n\u0131z\u0131 Yans\u0131tan Se\u00e7imler Yap\u0131n<\/h3>\n<p><strong>Kaps\u00fcl gard\u0131rop<\/strong> demek, ki\u015fisel stilinize sad\u0131k kalmak demektir. Sezon trendlerinden etkilenmek yerine, kendinizi i\u00e7inde rahat ve \u00f6zg\u00fcvenli hissetti\u011finiz par\u00e7alara y\u00f6nelin. \u00d6zellikle zamans\u0131z tesett\u00fcr elbise se\u00e7imleri, \u015f\u0131k tunikler ve klasik d\u0131\u015f giyim \u00fcr\u00fcnleri, ki\u015fisel tarz\u0131n\u0131z\u0131 en iyi yans\u0131tan yat\u0131r\u0131m par\u00e7alar\u0131 olur. B\u00f6ylece <strong>kaps\u00fcl gard\u0131robunuz<\/strong> hem uzun \u00f6m\u00fcrl\u00fc hem de her kombinle size \u00f6zg\u00fc bir dokunu\u015f ta\u015f\u0131yan bir koleksiyon h\u00e2line gelir.<\/p>\n<h3>Fonksiyonel ve \u00c7ok Y\u00f6nl\u00fc \u00dcr\u00fcnlere Yat\u0131r\u0131m Yap\u0131n<\/h3>\n<p><strong>Kaps\u00fcl tesett\u00fcr gard\u0131rop<\/strong> olu\u015ftururken her par\u00e7an\u0131n birden fazla kombinasyona uyum sa\u011flamas\u0131 gerekir. Bu y\u00fczden hem g\u00fcnl\u00fck hayata hem \u00f6zel g\u00fcnlere uyarlanabilen \u00fcr\u00fcnler se\u00e7mek b\u00fcy\u00fck avantaj sa\u011flar. \u00d6rne\u011fin, sade ve ak\u0131c\u0131 bir tunik hem i\u015f yerinde hem arkada\u015f bulu\u015fmalar\u0131nda rahat\u00e7a kullan\u0131labilir. PodyumPlus\u2019\u0131n sundu\u011fu \u00e7ok y\u00f6nl\u00fc tunikler, tren\u00e7kotlar ve klasik elbiseler kaps\u00fcl gard\u0131rop i\u00e7in ideal se\u00e7enekler sunuyor. Fonksiyonel se\u00e7imler sayesinde az par\u00e7ayla maksimum kombin \u00f6zg\u00fcrl\u00fc\u011f\u00fc yakalayabilirsiniz.<\/p>\n<p><img loading=\"lazy\" decoding=\"async\" class=\"wp-image-4371 size-full aligncenter nebotheme-lazyload lazyload\" src=\"data:image\/png;base64,iVBORw0KGgoAAAANSUhEUgAAAmoAAAM4AQMAAABGLVx0AAAAA1BMVEUAAP+KeNJXAAAAAXRSTlMAQObYZgAAAAlwSFlzAAAOxAAADsQBlSsOGwAAAFZJREFUeNrtwTEBAAAAwqD1T20JT6AAAAAAAAAAAAAAAAAAAAAAAAAAAAAAAAAAAAAAAAAAAAAAAAAAAAAAAAAAAAAAAAAAAAAAAAAAAAAAAAAAAAC+Bv5IAAHieZRzAAAAAElFTkSuQmCC\" alt=\"\" width=\"618\" height=\"824\" data-sizes=\"auto\" data-ls-sizes=\"auto, (max-width: 618px) 100vw, 618px\" data-src=\"https:\/\/www.podyumplus.com\/blog\/wp-content\/uploads\/2025\/04\/m.webp\" data-srcset=\"https:\/\/www.podyumplus.com\/blog\/wp-content\/uploads\/2025\/04\/m.webp 618w, https:\/\/www.podyumplus.com\/blog\/wp-content\/uploads\/2025\/04\/m-225x300.webp 225w\"><\/p>\n<h2>Kaps\u00fcl Gard\u0131rop Hatalar\u0131: Nelerden Ka\u00e7\u0131nmal\u0131?<\/h2>\n<p>Kaps\u00fcl tesett\u00fcr gard\u0131rop olu\u015ftururken hedef, az ama etkili par\u00e7alarla maksimum kombin kolayl\u0131\u011f\u0131 sa\u011flamakt\u0131r. Ancak do\u011fru niyetle yola \u00e7\u0131ksan\u0131z bile baz\u0131 hatalar, gard\u0131robun i\u015flevselli\u011fini azaltabilir. Bilin\u00e7li se\u00e7imler yapmak i\u00e7in bu yayg\u0131n hatalar\u0131 \u00f6nceden bilmek b\u00fcy\u00fck avantaj sa\u011flar. \u0130\u015fte kaps\u00fcl gard\u0131rop haz\u0131rlarken ka\u00e7\u0131n\u0131lmas\u0131 gereken temel hatalar:<\/p>\n<h3>Fazla Par\u00e7a Eklemek<\/h3>\n<p><strong>Kaps\u00fcl gard\u0131robun mant\u0131\u011f\u0131<\/strong>; sadele\u015fmek ve kombin \u00f6zg\u00fcrl\u00fc\u011f\u00fcn\u00fc art\u0131rmakt\u0131r. Ancak &#8220;laz\u0131m olur&#8221; d\u00fc\u015f\u00fcncesiyle fazladan par\u00e7a eklemek hem karars\u0131zl\u0131k yarat\u0131r hem de kaps\u00fcl mant\u0131\u011f\u0131n\u0131 bozar. Gard\u0131robunuzda sadece birbirini tamamlayan, farkl\u0131 kombinlerde kolayca kullan\u0131labilecek zamans\u0131z par\u00e7alar olmal\u0131d\u0131r. Fazlal\u0131ktan ka\u00e7\u0131narak her sabah h\u0131zl\u0131 ve zahmetsiz \u015f\u0131kl\u0131k yakalamak m\u00fcmk\u00fcn olur.<\/p>\n<h3>Sadece Trend \u00dcr\u00fcnlere Odaklanmak<\/h3>\n<p>Sezonluk trendlerin cazibesine kap\u0131l\u0131p kaps\u00fcl gard\u0131robunuzu anl\u0131k modaya g\u00f6re \u015fekillendirmek uzun vadede i\u015flevselli\u011fi d\u00fc\u015f\u00fcr\u00fcr. Sadece g\u00fcn\u00fcn modas\u0131na uygun par\u00e7alarla s\u0131n\u0131rl\u0131 bir gard\u0131rop, k\u0131sa s\u00fcrede demode olabilir. Bunun yerine; monokrom tesett\u00fcr kombinleri i\u00e7in uygun par\u00e7alar, klasik kesimler ve zamans\u0131z renkler se\u00e7erek, modan\u0131n \u00f6tesinde bir \u015f\u0131kl\u0131k yakalayabilirsiniz. <strong>Tesett\u00fcr giyimde kaps\u00fcl gard\u0131rop<\/strong> olu\u015ftururken sadelik ve zamans\u0131zl\u0131k her zaman \u00f6ncelikli olmal\u0131d\u0131r.<\/p>\n<p><img loading=\"lazy\" decoding=\"async\" class=\"wp-image-4372 size-full aligncenter nebotheme-lazyload lazyload\" src=\"data:image\/png;base64,iVBORw0KGgoAAAANSUhEUgAAAmoAAAM4AQMAAABGLVx0AAAAA1BMVEUAAP+KeNJXAAAAAXRSTlMAQObYZgAAAAlwSFlzAAAOxAAADsQBlSsOGwAAAFZJREFUeNrtwTEBAAAAwqD1T20JT6AAAAAAAAAAAAAAAAAAAAAAAAAAAAAAAAAAAAAAAAAAAAAAAAAAAAAAAAAAAAAAAAAAAAAAAAAAAAAAAAAAAAC+Bv5IAAHieZRzAAAAAElFTkSuQmCC\" alt=\"\" width=\"618\" height=\"824\" data-sizes=\"auto\" data-ls-sizes=\"auto, (max-width: 618px) 100vw, 618px\" data-src=\"https:\/\/www.podyumplus.com\/blog\/wp-content\/uploads\/2025\/04\/n.webp\" data-srcset=\"https:\/\/www.podyumplus.com\/blog\/wp-content\/uploads\/2025\/04\/n.webp 618w, https:\/\/www.podyumplus.com\/blog\/wp-content\/uploads\/2025\/04\/n-225x300.webp 225w\"><\/p>\n<h2>PodyumPlus ile Kaps\u00fcl Tesett\u00fcr Gard\u0131rop Olu\u015fturun<\/h2>\n<p>Zamans\u0131z \u015f\u0131kl\u0131\u011f\u0131 ve kombin kolayl\u0131\u011f\u0131n\u0131 bir arada sunmak istiyorsan\u0131z, PodyumPlus\u2019\u0131n <strong>kaps\u00fcl tesett\u00fcr gard\u0131rop<\/strong> koleksiyonlar\u0131 tam size g\u00f6re! Az par\u00e7ayla \u00e7ok kombin yaratmak isteyen kad\u0131nlar i\u00e7in \u00f6zel olarak se\u00e7ilen \u00fcr\u00fcnler hem g\u00fcnl\u00fck hem de \u00f6zel g\u00fcn stilinizi destekler. <strong>Tesett\u00fcr giyimde kaps\u00fcl gard\u0131rop<\/strong> olu\u015ftururken kalite, uyum ve fonksiyonelli\u011fi bir arada bulabilece\u011finiz adres art\u0131k \u00e7ok daha yak\u0131n\u0131n\u0131zda.<\/p>\n<h3>Her Stile Uygun Temel Par\u00e7alar<\/h3>\n<p>PodyumPlus kaps\u00fcl koleksiyonunda; zamans\u0131z <strong>tesett\u00fcr elbise modelleri,<\/strong> \u015f\u0131k tunikler, kullan\u0131\u015fl\u0131 tren\u00e7kotlar ve sezon ge\u00e7i\u015flerine uygun d\u0131\u015f giyim se\u00e7enekleri bulunuyor. <strong>Monokrom tesett\u00fcr kombinleri<\/strong> olu\u015fturman\u0131za imk\u00e2n tan\u0131yan n\u00f6tr tonlar ve kolay uyum sa\u011flayan kuma\u015flar sayesinde, her par\u00e7ay\u0131 birbiriyle rahatl\u0131kla e\u015fle\u015ftirebilirsiniz. B\u00f6ylece hem \u015f\u0131kl\u0131\u011f\u0131n\u0131zdan \u00f6d\u00fcn vermezsiniz hem de sabahlar\u0131 h\u0131zl\u0131 ve zahmetsiz kombinler yapabilirsiniz.<\/p>\n<h2>Online Al\u0131\u015fveri\u015fte Kolay Kaps\u00fcl Gard\u0131rop Planlamas\u0131<\/h2>\n<p>PodyumPlus\u2019\u0131n kullan\u0131c\u0131 dostu online al\u0131\u015fveri\u015f deneyimi sayesinde, <strong>kaps\u00fcl gard\u0131robunuz<\/strong> i\u00e7in ihtiyac\u0131n\u0131z olan temel par\u00e7alar\u0131 kolayca se\u00e7ebilirsiniz. Beden tablolar\u0131, \u00fcr\u00fcn a\u00e7\u0131klamalar\u0131 ve kombin \u00f6nerileri sayesinde al\u0131\u015fveri\u015f s\u00fcreci hem g\u00fcvenli hem de zahmetsiz hale gelir. \u00dcstelik h\u0131zl\u0131 kargo ve avantajl\u0131 kampanyalarla, zamans\u0131z bir <strong>tesett\u00fcr gard\u0131rop olu\u015fturman\u0131n<\/strong> ayr\u0131cal\u0131\u011f\u0131n\u0131 hemen ya\u015famaya ba\u015flayabilirsiniz.<\/p>\n<p><img loading=\"lazy\" decoding=\"async\" class=\"wp-image-4373 size-full aligncenter nebotheme-lazyload lazyload\" src=\"data:image\/png;base64,iVBORw0KGgoAAAANSUhEUgAAAmoAAAM4AQMAAABGLVx0AAAAA1BMVEUAAP+KeNJXAAAAAXRSTlMAQObYZgAAAAlwSFlzAAAOxAAADsQBlSsOGwAAAFZJREFUeNrtwTEBAAAAwqD1T20JT6AAAAAAAAAAAAAAAAAAAAAAAAAAAAAAAAAAAAAAAAAAAAAAAAAAAAAAAAAAAAAAAAAAAAAAAAAAAAAAAAAAAAC+Bv5IAAHieZRzAAAAAElFTkSuQmCC\" alt=\"\" width=\"618\" height=\"824\" data-sizes=\"auto\" data-ls-sizes=\"auto, (max-width: 618px) 100vw, 618px\" data-src=\"https:\/\/www.podyumplus.com\/blog\/wp-content\/uploads\/2025\/04\/c.webp\" data-srcset=\"https:\/\/www.podyumplus.com\/blog\/wp-content\/uploads\/2025\/04\/c.webp 618w, https:\/\/www.podyumplus.com\/blog\/wp-content\/uploads\/2025\/04\/c-225x300.webp 225w\"><\/p>\n<h2>\u015eimdi Ba\u015flay\u0131n: Tesett\u00fcr Kombinlerinde Sadelikle \u015e\u0131kl\u0131\u011f\u0131 Yakalay\u0131n!<\/h2>\n<p><strong>Kaps\u00fcl tesett\u00fcr gard\u0131rop<\/strong> olu\u015fturmak hem zamandan hem b\u00fct\u00e7eden tasarruf ederken stilinizde b\u00fcy\u00fck bir d\u00f6n\u00fc\u015f\u00fcm yaratman\u0131n en ak\u0131ll\u0131 yollar\u0131ndan biri. Do\u011fru temel par\u00e7alarla, her mevsime ve her ortama uyum sa\u011flayan kombinler yapmak art\u0131k \u00e7ok daha kolay.<\/p>\n<p><strong data-start=\"728\" data-end=\"771\">Kaps\u00fcl tesett\u00fcr gard\u0131rop nas\u0131l yap\u0131l\u0131r?<\/strong><br data-start=\"771\" data-end=\"774\" \/>Kaps\u00fcl tesett\u00fcr gard\u0131rop olu\u015fturmak, ki\u015fisel stilinizi yans\u0131tan, sizi her ortamda \u015f\u0131k g\u00f6sterecek az say\u0131da kaliteli par\u00e7ay\u0131 do\u011fru \u015fekilde se\u00e7mekle ba\u015flar. \u00d6zellikle yo\u011fun \u015fehir hayat\u0131nda, h\u0131zl\u0131 kombin ihtiyac\u0131na cevap veren kaps\u00fcl gard\u0131rop modeli hem zamandan hem b\u00fct\u00e7eden b\u00fcy\u00fck tasarruf sa\u011flar.<\/p>\n<p data-start=\"675\" data-end=\"735\">\u015eimdi s\u0131ra, sade ama etkileyici bir gard\u0131roba sahip olmakta!<\/p>\n<p data-start=\"737\" data-end=\"1066\">\ud83c\udfaf <strong data-start=\"740\" data-end=\"768\">PodyumPlus ayr\u0131cal\u0131\u011f\u0131yla<\/strong> v\u00fccut tipinize, tarz\u0131n\u0131za ve g\u00fcnl\u00fck hayat\u0131n\u0131za en uygun kaps\u00fcl tesett\u00fcr gard\u0131rop par\u00e7alar\u0131n\u0131 ke\u015ffedin.<br data-start=\"871\" data-end=\"874\" \/>\ud83c\udfaf Sezonun en \u015f\u0131k ve kullan\u0131\u015fl\u0131 \u00fcr\u00fcnleriyle kombinlerinizi her zamankinden daha pratik ve zarif hale getirin.<br data-start=\"983\" data-end=\"986\" \/>\ud83c\udfaf <a href=\"https:\/\/www.podyumplus.com\/\">Hemen \u015fimdi online al\u0131\u015fveri\u015fe<\/a> ba\u015flayarak dolab\u0131n\u0131za \u00f6zg\u00fcrl\u00fck ve \u015f\u0131kl\u0131k kat\u0131n!<\/p>\n<p data-start=\"1068\" data-end=\"1256\">\ud83d\udcf2 <a href=\"https:\/\/api.whatsapp.com\/send?phone=+908503468976&amp;text=Merhaba;%20www.podyumplus.com%27dan%20sipari%C5%9F%20vermek%20istiyorum\"><strong data-start=\"1071\" data-end=\"1091\">Destek mi laz\u0131m?<\/strong><\/a> ileti\u015fime ge\u00e7in, kaps\u00fcl gard\u0131rop planlamas\u0131nda profesyonel destek al\u0131n!<\/p>\n","protected":false},"excerpt":{"rendered":"<p>Kaps\u00fcl tesett\u00fcr gard\u0131rop nas\u0131l yap\u0131l\u0131r? G\u00fcn\u00fcm\u00fcz tesett\u00fcr modas\u0131nda sade, i\u015flevsel ve zamans\u0131z bir stil yaratmak isteyenler i\u00e7in bu soru hi\u00e7 olmad\u0131\u011f\u0131 kadar \u00f6nemli hale geldi. Gereksiz kalabal\u0131ktan uzak, az ama \u00e7ok y\u00f6nl\u00fc par\u00e7alardan olu\u015fan bir kaps\u00fcl gard\u0131rop sayesinde hem kombin yapma stresinden kurtulabilir hem de her mevsime ve ortama uyum sa\u011flayan zahmetsiz bir \u015f\u0131kl\u0131k elde &hellip;<\/p>\n","protected":false},"author":2,"featured_media":4365,"comment_status":"open","ping_status":"open","sticky":false,"template":"","format":"standard","meta":{"om_disable_all_campaigns":false,"_monsterinsights_skip_tracking":false,"_monsterinsights_sitenote_active":false,"_monsterinsights_sitenote_note":"","_monsterinsights_sitenote_category":0,"footnotes":""},"categories":[436,181,398,377,157,180,156,182,179],"tags":[622,624,487,613,483,619,623,478,621,183,620],"class_list":["post-4312","post","type-post","status-publish","format-standard","has-post-thumbnail","hentry","category-2025-tesettur-modasi","category-kadin-giyim-rehberi","category-kapsul-tesettur-gardirop","category-online-tesettur-alisveris","category-tesettur-giyim","category-tesettur-kombin-ipuclari","category-tesettur-kombin-onerileri","category-tesettur-moda-trendleri","category-tesettur-stil-onerileri","tag-az-parcayla-kombin-yapma","tag-kapsul-gardirop-tesettur-giyim","tag-kapsul-tesettur-gardirop","tag-mevsimlik-tesettur-kombinleri","tag-minimalist-tesettur-giyim","tag-tesettur-gardirop-nasil-yapilir","tag-tesettur-gardirop-planlama","tag-tesettur-giyim-kombinleri","tag-tesettur-kapsul-dolap","tag-tesettur-kombin-onerileri","tag-zamansiz-tesettur-elbiseler"],"_links":{"self":[{"href":"https:\/\/www.podyumplus.com\/blog\/wp-json\/wp\/v2\/posts\/4312","targetHints":{"allow":["GET"]}}],"collection":[{"href":"https:\/\/www.podyumplus.com\/blog\/wp-json\/wp\/v2\/posts"}],"about":[{"href":"https:\/\/www.podyumplus.com\/blog\/wp-json\/wp\/v2\/types\/post"}],"author":[{"embeddable":true,"href":"https:\/\/www.podyumplus.com\/blog\/wp-json\/wp\/v2\/users\/2"}],"replies":[{"embeddable":true,"href":"https:\/\/www.podyumplus.com\/blog\/wp-json\/wp\/v2\/comments?post=4312"}],"version-history":[{"count":4,"href":"https:\/\/www.podyumplus.com\/blog\/wp-json\/wp\/v2\/posts\/4312\/revisions"}],"predecessor-version":[{"id":4349,"href":"https:\/\/www.podyumplus.com\/blog\/wp-json\/wp\/v2\/posts\/4312\/revisions\/4349"}],"wp:featuredmedia":[{"embeddable":true,"href":"https:\/\/www.podyumplus.com\/blog\/wp-json\/wp\/v2\/media\/4365"}],"wp:attachment":[{"href":"https:\/\/www.podyumplus.com\/blog\/wp-json\/wp\/v2\/media?parent=4312"}],"wp:term":[{"taxonomy":"category","embeddable":true,"href":"https:\/\/www.podyumplus.com\/blog\/wp-json\/wp\/v2\/categories?post=4312"},{"taxonomy":"post_tag","embeddable":true,"href":"https:\/\/www.podyumplus.com\/blog\/wp-json\/wp\/v2\/tags?post=4312"}],"curies":[{"name":"wp","href":"https:\/\/api.w.org\/{rel}","templated":true}]}}