{"id":3908,"date":"2024-11-06T18:20:34","date_gmt":"2024-11-06T15:20:34","guid":{"rendered":"https:\/\/www.podyumplus.com\/blog\/?p=3908"},"modified":"2024-11-06T18:20:35","modified_gmt":"2024-11-06T15:20:35","slug":"tesettur-giyimde-elbise-secimi-ve-kombinasyonlari-sikligin-ve-rahatligin-bulusma-noktasi","status":"publish","type":"post","link":"https:\/\/www.podyumplus.com\/blog\/tesettur-giyimde-elbise-secimi-ve-kombinasyonlari-sikligin-ve-rahatligin-bulusma-noktasi\/","title":{"rendered":"Tesett\u00fcr Giyimde Elbise Se\u00e7imi ve Kombinasyonlar\u0131: \u015e\u0131kl\u0131\u011f\u0131n ve Rahatl\u0131\u011f\u0131n Bulu\u015fma Noktas\u0131"},"content":{"rendered":"\n<p>Tesett\u00fcr giyimin en \u00f6nemli unsurlar\u0131ndan biri elbiseler olup, hem \u00f6zel g\u00fcnlerde hem de g\u00fcnl\u00fck hayatta vazge\u00e7ilmez bir yer tutar. Tesett\u00fcr elbiseler, farkl\u0131 kesim, renk ve desen se\u00e7enekleriyle her tarza uygun modeller sunar. Bu yaz\u0131da, tesett\u00fcr elbise se\u00e7imi ve kombinasyonlar\u0131 hakk\u0131nda detayl\u0131 bilgiler bulacak, do\u011fru se\u00e7imlerle \u015f\u0131kl\u0131\u011f\u0131n\u0131z\u0131 nas\u0131l art\u0131rabilece\u011finizi ke\u015ffedeceksiniz.<\/p>\n\n\n\n<h3 class=\"wp-block-heading\">Tesett\u00fcr Elbise Se\u00e7erken Dikkat Edilmesi Gerekenler<\/h3>\n\n\n\n<p>Tesett\u00fcr elbise se\u00e7imi yaparken birka\u00e7 \u00f6nemli fakt\u00f6re dikkat etmek, hem rahat hem de \u015f\u0131k bir g\u00f6r\u00fcn\u00fcm elde etmenizi sa\u011flar:<\/p>\n\n\n\n<ol class=\"wp-block-list\">\n<li><strong>Uzunluk ve Kesim:<\/strong> Tesett\u00fcr elbiseler genellikle diz alt\u0131 veya tam boy olarak tercih edilir. Elbisenin uzunlu\u011fu, giyilece\u011fi mekana ve ki\u015finin boyuna uygun olmal\u0131d\u0131r. Rahat hareket edebilmek i\u00e7in elbisenin kesimi \u00e7ok dar olmamal\u0131d\u0131r.<\/li>\n\n\n\n<li><strong>Kuma\u015f Se\u00e7imi:<\/strong> Mevsime uygun kuma\u015f se\u00e7imi elbisenin hem s\u0131cak tutmas\u0131n\u0131 hem de nefes almas\u0131n\u0131 sa\u011flar. Yaz aylar\u0131nda pamuklu ve keten kuma\u015flar tercih edilirken, k\u0131\u015f aylar\u0131nda y\u00fcn ve triko kuma\u015flar daha uygun olur.<\/li>\n\n\n\n<li><strong>Renk ve Desen:<\/strong> Elbisenin rengi, giyilecek mevsime ve ortama uygun olmal\u0131d\u0131r. K\u0131\u015f aylar\u0131nda koyu renkler, yaz aylar\u0131nda ise canl\u0131 ve a\u00e7\u0131k renkler tercih edilmelidir. Desenli elbiselerde, desenin b\u00fcy\u00fckl\u00fc\u011f\u00fcne ve yerle\u015ftirili\u015fine dikkat edilmelidir.<\/li>\n\n\n\n<li><strong>Detaylar ve Aksesuarlar:<\/strong> Elbisenin \u00fczerindeki dantel, i\u015flemeler veya p\u00fcsk\u00fcller gibi detaylar, k\u0131yafetinize zarif bir dokunu\u015f katabilir. Ancak bu detaylar, k\u0131yafetin genel g\u00f6r\u00fcn\u00fcm\u00fcn\u00fc bo\u011fmamal\u0131d\u0131r.<\/li>\n<\/ol>\n\n\n\n<h3 class=\"wp-block-heading\">Farkl\u0131 Ya\u015f Gruplar\u0131 \u0130\u00e7in Tesett\u00fcr Elbise Modelleri<\/h3>\n\n\n\n<p>Tesett\u00fcr elbiseler, farkl\u0131 ya\u015f gruplar\u0131na hitap eden \u00e7e\u015fitli modeller sunar. Gen\u00e7 bayanlar i\u00e7in daha dinamik ve trend par\u00e7alar bulunurken, ya\u015fl\u0131 kad\u0131nlar i\u00e7in daha klasik ve zarif modeller tercih edilebilir. Hamile kad\u0131nlar i\u00e7in \u00f6zel olarak tasarlanm\u0131\u015f esnek ve rahat kesimli elbiseler de mevcuttur. Her ya\u015f grubuna uygun modeller, tesett\u00fcr giyimin herkes i\u00e7in eri\u015filebilir ve \u015f\u0131k olmas\u0131n\u0131 sa\u011flar.<\/p>\n\n\n\n<h3 class=\"wp-block-heading\">Mevsime Uygun Renk Se\u00e7imi<\/h3>\n\n\n\n<p>Renk se\u00e7imi, elbise kombinasyonunda \u00f6nemli bir rol oynar. Mevsime uygun renkler, hem \u015f\u0131kl\u0131\u011f\u0131n\u0131z\u0131 art\u0131r\u0131r hem de mevsimin ruhunu yans\u0131t\u0131r:<\/p>\n\n\n\n<ul class=\"wp-block-list\">\n<li><strong>Yaz Aylar\u0131:<\/strong> Canl\u0131 ve a\u00e7\u0131k renkler, yaz\u0131n enerjisini yans\u0131t\u0131r. Beyaz, pastel tonlar, canl\u0131 k\u0131rm\u0131z\u0131lar ve mavi gibi renkler tercih edilebilir.<\/li>\n\n\n\n<li><strong>K\u0131\u015f Aylar\u0131:<\/strong> Koyu renkler, k\u0131\u015f\u0131n so\u011fuk havas\u0131na uygun bir se\u00e7imdir. Siyah, lacivert, koyu ye\u015fil ve bordo gibi renkler s\u0131cakl\u0131k hissi verir.<\/li>\n\n\n\n<li><strong>\u0130lkbahar ve Sonbahar:<\/strong> Bu mevsimlerde hem canl\u0131 hem de do\u011fal tonlar kullan\u0131labilir. Ye\u015filin \u00e7e\u015fitli tonlar\u0131, kahverengi ve turuncu gibi renkler ideal se\u00e7imlerdir.<\/li>\n<\/ul>\n\n\n\n<h3 class=\"wp-block-heading\">Tesett\u00fcr Elbise Kombinasyonlar\u0131: \u015e\u0131kl\u0131\u011f\u0131 ve Uyumlu Stili Yakalay\u0131n<\/h3>\n\n\n\n<p>Tesett\u00fcr elbiseleri do\u011fru kombinlemek, \u015f\u0131kl\u0131\u011f\u0131n\u0131z\u0131 \u00f6n plana \u00e7\u0131kar\u0131rken ayn\u0131 zamanda rahat bir g\u00f6r\u00fcn\u00fcm sunar. \u0130\u015fte baz\u0131 kombin \u00f6nerileri:<\/p>\n\n\n\n<ol class=\"wp-block-list\">\n<li><strong>Elbise ve D\u0131\u015f Giyim:<\/strong> Hafif yazl\u0131k elbiseleri ince h\u0131rkalar veya \u015f\u0131k ceketlerle kombinleyebilirsiniz. K\u0131\u015f aylar\u0131nda ise kal\u0131n montlar veya kabanlarla elbiselerinizi tamamlayabilirsiniz.<\/li>\n\n\n\n<li><strong>Aksesuar Kullan\u0131m\u0131:<\/strong> Elbiselerinizi zarif tak\u0131lar, \u015f\u0131k \u00e7antalar ve uygun ayakkab\u0131larla tamamlayarak g\u00f6r\u00fcn\u00fcm\u00fcn\u00fcz\u00fc tamamlayabilirsiniz. B\u00fcy\u00fck ve g\u00f6steri\u015fli tak\u0131lar yerine minimal ve zarif aksesuarlar tercih edilmelidir.<\/li>\n\n\n\n<li><strong>Ayakkab\u0131 Se\u00e7imi:<\/strong> Casual elbiseler i\u00e7in spor ayakkab\u0131lar, sandaletler veya rahat babetler uygunken, daha \u015f\u0131k elbiseler i\u00e7in topuklu ayakkab\u0131lar tercih edilebilir. Ayakkab\u0131n\u0131n rengi ve tarz\u0131, elbisenizle uyumlu olmal\u0131d\u0131r.<\/li>\n\n\n\n<li><strong>\u00c7anta ve Di\u011fer Aksesuarlar:<\/strong> K\u00fc\u00e7\u00fck ve \u015f\u0131k \u00e7antalar, elbiselerinizle m\u00fckemmel uyum sa\u011flar. Ayr\u0131ca, uygun bir fular veya \u015fal kullanarak kombinasyonunuza hareket katabilirsiniz.<\/li>\n<\/ol>\n\n\n\n<h3 class=\"wp-block-heading\">Tesett\u00fcr Elbisede Kalite mi Model mi? Dengeli Bir Tercih Yap\u0131n<\/h3>\n\n\n\n<p>Tesett\u00fcr elbise se\u00e7erken kalite ve model aras\u0131nda bir denge kurmak \u00f6nemlidir. Kaliteli kuma\u015flar, elbisenizin daha uzun s\u00fcre dayanmas\u0131n\u0131 sa\u011flarken, \u015f\u0131k ve modern modeller ise tarz\u0131n\u0131z\u0131 yans\u0131t\u0131r. Ucuza al\u0131\u015fveri\u015f yapmak yerine, gard\u0131robunuzda uzun \u00f6m\u00fcrl\u00fc ve kombinlenebilir par\u00e7alar bulundurmak daha mant\u0131kl\u0131d\u0131r. Y\u00fcksek kaliteli elbiseler, hem rahatl\u0131k hem de \u015f\u0131kl\u0131k sunarak g\u00fcnl\u00fck ya\u015fam\u0131n\u0131zda kendinizi daha iyi hissetmenizi sa\u011flar.<\/p>\n\n\n\n<h3 class=\"wp-block-heading\">Tesett\u00fcr Elbise Bak\u0131m \u0130pu\u00e7lar\u0131<\/h3>\n\n\n\n<p>Elbiselerinizin uzun \u00f6m\u00fcrl\u00fc olmas\u0131 i\u00e7in do\u011fru bak\u0131m y\u00f6ntemlerini uygulamak \u00f6nemlidir:<\/p>\n\n\n\n<ol class=\"wp-block-list\">\n<li><strong>Etiket Talimatlar\u0131na Uyun:<\/strong> Her elbisenin bak\u0131m etiketi farkl\u0131d\u0131r. Etikette belirtilen y\u0131kama ve bak\u0131m talimatlar\u0131na mutlaka uyun.<\/li>\n\n\n\n<li><strong>Do\u011fru Y\u0131kama Y\u00f6ntemi:<\/strong> Elbiselerinizi elde y\u0131kamak veya nazik bir makine program\u0131 kullanmak, kuma\u015f\u0131n zarar g\u00f6rmesini \u00f6nler.<\/li>\n\n\n\n<li><strong>\u00dct\u00fcleme:<\/strong> Elbiseleri d\u00fc\u015f\u00fck \u0131s\u0131da \u00fct\u00fclemek, kuma\u015f\u0131n yap\u0131s\u0131n\u0131 korur ve k\u0131r\u0131\u015f\u0131kl\u0131klar\u0131 giderir.<\/li>\n\n\n\n<li><strong>Depolama:<\/strong> Elbiselerinizi serin ve kuru bir yerde, ask\u0131da veya d\u00fczg\u00fcn katlanm\u0131\u015f \u015fekilde muhafaza edin. Do\u011frudan g\u00fcne\u015f \u0131\u015f\u0131\u011f\u0131ndan koruyun.<\/li>\n<\/ol>\n\n\n\n<h3 class=\"wp-block-heading\">PodyumPlus.com ile Tesett\u00fcr Elbisenizde \u015e\u0131kl\u0131\u011f\u0131 Yakalay\u0131n!<\/h3>\n\n\n\n<p>Tesett\u00fcr giyimde en kaliteli ve \u015f\u0131k elbiseleri bulmak i\u00e7in PodyumPlus.com\u2019u ziyaret edin. Geni\u015f \u00fcr\u00fcn yelpazesi ile her tarza ve ihtiyaca uygun tesett\u00fcr elbiseler, aksesuarlar ve kombin par\u00e7alar\u0131n\u0131 uygun fiyatlarla sunan PodyumPlus.com, stilinizi en iyi \u015fekilde yans\u0131tman\u0131z i\u00e7in ideal bir al\u0131\u015fveri\u015f platformudur. Online ma\u011fazam\u0131zda, kaliteli kuma\u015flardan \u00fcretilmi\u015f modern ve klasik elbiseleri ke\u015ffedin, her mevsim \u015f\u0131kl\u0131\u011f\u0131n\u0131z\u0131 koruyun. PodyumPlus.com ile tesett\u00fcr modas\u0131nda fark yarat\u0131n ve gard\u0131robunuzu en trend par\u00e7alarla g\u00fcncelleyin!<\/p>\n","protected":false},"excerpt":{"rendered":"<p>Tesett\u00fcr giyimin en \u00f6nemli unsurlar\u0131ndan biri elbiseler olup, hem \u00f6zel g\u00fcnlerde hem de g\u00fcnl\u00fck hayatta vazge\u00e7ilmez bir yer tutar. Tesett\u00fcr elbiseler, farkl\u0131 kesim, renk ve desen se\u00e7enekleriyle her tarza uygun modeller sunar. Bu yaz\u0131da, tesett\u00fcr elbise se\u00e7imi ve kombinasyonlar\u0131 hakk\u0131nda detayl\u0131 bilgiler bulacak, do\u011fru se\u00e7imlerle \u015f\u0131kl\u0131\u011f\u0131n\u0131z\u0131 nas\u0131l art\u0131rabilece\u011finizi ke\u015ffedeceksiniz. Tesett\u00fcr Elbise Se\u00e7erken Dikkat Edilmesi Gerekenler &hellip;<\/p>\n","protected":false},"author":1,"featured_media":3909,"comment_status":"open","ping_status":"open","sticky":false,"template":"","format":"standard","meta":{"om_disable_all_campaigns":false,"_monsterinsights_skip_tracking":false,"_monsterinsights_sitenote_active":false,"_monsterinsights_sitenote_note":"","_monsterinsights_sitenote_category":0,"footnotes":""},"categories":[1],"tags":[],"class_list":["post-3908","post","type-post","status-publish","format-standard","has-post-thumbnail","hentry","category-genel"],"_links":{"self":[{"href":"https:\/\/www.podyumplus.com\/blog\/wp-json\/wp\/v2\/posts\/3908","targetHints":{"allow":["GET"]}}],"collection":[{"href":"https:\/\/www.podyumplus.com\/blog\/wp-json\/wp\/v2\/posts"}],"about":[{"href":"https:\/\/www.podyumplus.com\/blog\/wp-json\/wp\/v2\/types\/post"}],"author":[{"embeddable":true,"href":"https:\/\/www.podyumplus.com\/blog\/wp-json\/wp\/v2\/users\/1"}],"replies":[{"embeddable":true,"href":"https:\/\/www.podyumplus.com\/blog\/wp-json\/wp\/v2\/comments?post=3908"}],"version-history":[{"count":1,"href":"https:\/\/www.podyumplus.com\/blog\/wp-json\/wp\/v2\/posts\/3908\/revisions"}],"predecessor-version":[{"id":3910,"href":"https:\/\/www.podyumplus.com\/blog\/wp-json\/wp\/v2\/posts\/3908\/revisions\/3910"}],"wp:featuredmedia":[{"embeddable":true,"href":"https:\/\/www.podyumplus.com\/blog\/wp-json\/wp\/v2\/media\/3909"}],"wp:attachment":[{"href":"https:\/\/www.podyumplus.com\/blog\/wp-json\/wp\/v2\/media?parent=3908"}],"wp:term":[{"taxonomy":"category","embeddable":true,"href":"https:\/\/www.podyumplus.com\/blog\/wp-json\/wp\/v2\/categories?post=3908"},{"taxonomy":"post_tag","embeddable":true,"href":"https:\/\/www.podyumplus.com\/blog\/wp-json\/wp\/v2\/tags?post=3908"}],"curies":[{"name":"wp","href":"https:\/\/api.w.org\/{rel}","templated":true}]}}